{"id":122,"date":"2021-11-10T14:15:00","date_gmt":"2021-11-10T14:15:00","guid":{"rendered":"https:\/\/www.nobrarq.com.br\/blogs\/?p=122"},"modified":"2026-08-18T13:38:38","modified_gmt":"2026-08-18T16:38:38","slug":"psicologia-das-cores-na-arquitetura","status":"publish","type":"post","link":"https:\/\/www.nobrarq.com.br\/blogs\/psicologia-das-cores-na-arquitetura\/","title":{"rendered":"Arquitetura e Cores: Como a Psicologia das Cores Transforma Espa\u00e7os"},"content":{"rendered":"<p>Mais do que est\u00e9tica, as cores exercem influ\u00eancia direta sobre o comportamento humano. Na arquitetura, elas s\u00e3o ferramentas poderosas para comunicar sensa\u00e7\u00f5es, organizar fun\u00e7\u00f5es e impactar a forma como vivemos os espa\u00e7os.<\/p>\n<h2 class=\"wp-block-heading\">Cores frias acalmam e expandem ambientes<\/h2>\n<p>O azul, verde e lil\u00e1s s\u00e3o frequentemente utilizados para ampliar visualmente espa\u00e7os e criar atmosferas tranquilas, ideais para dormit\u00f3rios, salas de leitura ou cl\u00ednicas.<\/p>\n<h2 class=\"wp-block-heading\">Cores quentes estimulam, energizam e aproximam<\/h2>\n<p>O amarelo, laranja e vermelho s\u00e3o potentes ativadores de aten\u00e7\u00e3o e socializa\u00e7\u00e3o, sendo recomendados para \u00e1reas de conv\u00edvio, cozinhas ou ambientes criativos.<\/p>\n<h2 class=\"wp-block-heading\">Neutralidade que acolhe: tons terrosos e cinzas<\/h2>\n<p>Cores neutras promovem equil\u00edbrio, permitindo combina\u00e7\u00f5es vers\u00e1teis e valorizando a ilumina\u00e7\u00e3o natural. S\u00e3o base frequente em projetos contempor\u00e2neos.<\/p>\n<h2 class=\"wp-block-heading\">Uso estrat\u00e9gico e personalizado da cor<\/h2>\n<p>N\u00e3o existe f\u00f3rmula \u00fanica. O estudo crom\u00e1tico deve considerar a fun\u00e7\u00e3o do ambiente, a rotina dos usu\u00e1rios e os efeitos psicol\u00f3gicos desejados, respeitando identidade e contexto.<\/p>\n<h2 class=\"wp-block-heading\">A cor como ferramenta de bem-estar<\/h2>\n<p>Espa\u00e7os planejados com base na psicologia das cores n\u00e3o apenas agradam visualmente, mas tamb\u00e9m acolhem emocionalmente. Uma arquitetura consciente come\u00e7a pela percep\u00e7\u00e3o sensorial.<\/p>\n","protected":false},"excerpt":{"rendered":"<p>Entenda como a escolha das cores em um projeto arquitet\u00f4nico pode influenciar emo\u00e7\u00f5es, produtividade e bem-estar nos ambientes residenciais e comerciais.<\/p>\n","protected":false},"author":2,"featured_media":29,"comment_status":"closed","ping_status":"closed","sticky":false,"template":"","format":"standard","meta":{"footnotes":""},"categories":[8],"tags":[],"class_list":["post-122","post","type-post","status-publish","format-standard","has-post-thumbnail","hentry","category-psicologia-das-cores"],"aioseo_notices":[],"aioseo_head":"\n\t\t<!-- All in One SEO 5.0.0.1 - aioseo.com -->\n\t<meta name=\"description\" content=\"Entenda como a escolha das cores em um projeto arquitet\u00f4nico pode influenciar emo\u00e7\u00f5es, produtividade e bem-estar nos ambientes residenciais e comerciais.\" \/>\n\t<meta name=\"robots\" content=\"max-image-preview:large\" \/>\n\t<meta name=\"author\" content=\"Nobrarq\"\/>\n\t<link rel=\"canonical\" href=\"https:\/\/www.nobrarq.com.br\/blogs\/psicologia-das-cores-na-arquitetura\/\" \/>\n\t<meta name=\"generator\" content=\"All in One SEO (AIOSEO) 5.0.0.1\" \/>\n\t\t<meta property=\"og:locale\" content=\"en_US\" \/>\n\t\t<meta property=\"og:site_name\" content=\"Blogs - Nobrarq -\" \/>\n\t\t<meta property=\"og:type\" content=\"article\" \/>\n\t\t<meta property=\"og:title\" content=\"Arquitetura e Cores: Como a Psicologia das Cores Transforma Espa\u00e7os - Blogs - Nobrarq\" \/>\n\t\t<meta property=\"og:description\" content=\"Entenda como a escolha das cores em um projeto arquitet\u00f4nico pode influenciar emo\u00e7\u00f5es, produtividade e bem-estar nos ambientes residenciais e comerciais.\" \/>\n\t\t<meta property=\"og:url\" content=\"https:\/\/www.nobrarq.com.br\/blogs\/psicologia-das-cores-na-arquitetura\/\" \/>\n\t\t<meta property=\"article:published_time\" content=\"2021-11-10T14:15:00+00:00\" \/>\n\t\t<meta property=\"article:modified_time\" content=\"2026-08-18T16:38:38+00:00\" \/>\n\t\t<meta name=\"twitter:card\" content=\"summary_large_image\" \/>\n\t\t<meta name=\"twitter:title\" content=\"Arquitetura e Cores: Como a Psicologia das Cores Transforma Espa\u00e7os - Blogs - Nobrarq\" \/>\n\t\t<meta name=\"twitter:description\" content=\"Entenda como a escolha das cores em um projeto arquitet\u00f4nico pode influenciar emo\u00e7\u00f5es, produtividade e bem-estar nos ambientes residenciais e comerciais.\" \/>\n\t\t<script type=\"application\/ld+json\" class=\"aioseo-schema\">\n\t\t\t{\"@context\":\"https:\\\/\\\/schema.org\",\"@graph\":[{\"@type\":\"BlogPosting\",\"@id\":\"https:\\\/\\\/www.nobrarq.com.br\\\/blogs\\\/psicologia-das-cores-na-arquitetura\\\/#blogposting\",\"name\":\"Arquitetura e Cores: Como a Psicologia das Cores Transforma Espa\\u00e7os - Blogs - Nobrarq\",\"headline\":\"Arquitetura e Cores: Como a Psicologia das Cores Transforma Espa\\u00e7os\",\"author\":{\"@id\":\"https:\\\/\\\/www.nobrarq.com.br\\\/blogs\\\/author\\\/nobrarq\\\/#author\"},\"publisher\":{\"@id\":\"https:\\\/\\\/www.nobrarq.com.br\\\/blogs\\\/#organization\"},\"image\":{\"@type\":\"ImageObject\",\"url\":\"https:\\\/\\\/www.nobrarq.com.br\\\/blogs\\\/wp-content\\\/uploads\\\/2024\\\/06\\\/cores-1.jpg\",\"width\":1920,\"height\":1080},\"datePublished\":\"2021-11-10T14:15:00-03:00\",\"dateModified\":\"2026-08-18T13:38:38-03:00\",\"inLanguage\":\"en-US\",\"mainEntityOfPage\":{\"@id\":\"https:\\\/\\\/www.nobrarq.com.br\\\/blogs\\\/psicologia-das-cores-na-arquitetura\\\/#webpage\"},\"isPartOf\":{\"@id\":\"https:\\\/\\\/www.nobrarq.com.br\\\/blogs\\\/psicologia-das-cores-na-arquitetura\\\/#webpage\"},\"articleSection\":\"psicologia-das-cores\"},{\"@type\":\"BreadcrumbList\",\"@id\":\"https:\\\/\\\/www.nobrarq.com.br\\\/blogs\\\/psicologia-das-cores-na-arquitetura\\\/#breadcrumblist\",\"itemListElement\":[{\"@type\":\"ListItem\",\"@id\":\"https:\\\/\\\/www.nobrarq.com.br\\\/blogs#listItem\",\"position\":1,\"name\":\"In\\u00edcio\",\"item\":\"https:\\\/\\\/www.nobrarq.com.br\\\/blogs\",\"nextItem\":{\"@type\":\"ListItem\",\"@id\":\"https:\\\/\\\/www.nobrarq.com.br\\\/blogs\\\/category\\\/psicologia-das-cores\\\/#listItem\",\"name\":\"psicologia-das-cores\"}},{\"@type\":\"ListItem\",\"@id\":\"https:\\\/\\\/www.nobrarq.com.br\\\/blogs\\\/category\\\/psicologia-das-cores\\\/#listItem\",\"position\":2,\"name\":\"psicologia-das-cores\",\"item\":\"https:\\\/\\\/www.nobrarq.com.br\\\/blogs\\\/category\\\/psicologia-das-cores\\\/\",\"nextItem\":{\"@type\":\"ListItem\",\"@id\":\"https:\\\/\\\/www.nobrarq.com.br\\\/blogs\\\/psicologia-das-cores-na-arquitetura\\\/#listItem\",\"name\":\"Arquitetura e Cores: Como a Psicologia das Cores Transforma Espa\\u00e7os\"},\"previousItem\":{\"@type\":\"ListItem\",\"@id\":\"https:\\\/\\\/www.nobrarq.com.br\\\/blogs#listItem\",\"name\":\"In\\u00edcio\"}},{\"@type\":\"ListItem\",\"@id\":\"https:\\\/\\\/www.nobrarq.com.br\\\/blogs\\\/psicologia-das-cores-na-arquitetura\\\/#listItem\",\"position\":3,\"name\":\"Arquitetura e Cores: Como a Psicologia das Cores Transforma Espa\\u00e7os\",\"previousItem\":{\"@type\":\"ListItem\",\"@id\":\"https:\\\/\\\/www.nobrarq.com.br\\\/blogs\\\/category\\\/psicologia-das-cores\\\/#listItem\",\"name\":\"psicologia-das-cores\"}}]},{\"@type\":\"Organization\",\"@id\":\"https:\\\/\\\/www.nobrarq.com.br\\\/blogs\\\/#organization\",\"name\":\"Blogs - Nobrarq\",\"url\":\"https:\\\/\\\/www.nobrarq.com.br\\\/blogs\\\/\"},{\"@type\":\"Person\",\"@id\":\"https:\\\/\\\/www.nobrarq.com.br\\\/blogs\\\/author\\\/nobrarq\\\/#author\",\"url\":\"https:\\\/\\\/www.nobrarq.com.br\\\/blogs\\\/author\\\/nobrarq\\\/\",\"name\":\"Nobrarq\",\"image\":{\"@type\":\"ImageObject\",\"@id\":\"https:\\\/\\\/www.nobrarq.com.br\\\/blogs\\\/psicologia-das-cores-na-arquitetura\\\/#authorImage\",\"url\":\"https:\\\/\\\/secure.gravatar.com\\\/avatar\\\/3de1c455738f97706969a1ad4ff0ba48b0483b5a48ef5a47ba98d49559798478?s=96&d=mm&r=g\",\"width\":96,\"height\":96,\"caption\":\"Nobrarq\"}},{\"@type\":\"WebPage\",\"@id\":\"https:\\\/\\\/www.nobrarq.com.br\\\/blogs\\\/psicologia-das-cores-na-arquitetura\\\/#webpage\",\"url\":\"https:\\\/\\\/www.nobrarq.com.br\\\/blogs\\\/psicologia-das-cores-na-arquitetura\\\/\",\"name\":\"Arquitetura e Cores: Como a Psicologia das Cores Transforma Espa\\u00e7os - Blogs - Nobrarq\",\"description\":\"Entenda como a escolha das cores em um projeto arquitet\\u00f4nico pode influenciar emo\\u00e7\\u00f5es, produtividade e bem-estar nos ambientes residenciais e comerciais.\",\"inLanguage\":\"en-US\",\"isPartOf\":{\"@id\":\"https:\\\/\\\/www.nobrarq.com.br\\\/blogs\\\/#website\"},\"breadcrumb\":{\"@id\":\"https:\\\/\\\/www.nobrarq.com.br\\\/blogs\\\/psicologia-das-cores-na-arquitetura\\\/#breadcrumblist\"},\"author\":{\"@id\":\"https:\\\/\\\/www.nobrarq.com.br\\\/blogs\\\/author\\\/nobrarq\\\/#author\"},\"creator\":{\"@id\":\"https:\\\/\\\/www.nobrarq.com.br\\\/blogs\\\/author\\\/nobrarq\\\/#author\"},\"image\":{\"@type\":\"ImageObject\",\"url\":\"https:\\\/\\\/www.nobrarq.com.br\\\/blogs\\\/wp-content\\\/uploads\\\/2024\\\/06\\\/cores-1.jpg\",\"@id\":\"https:\\\/\\\/www.nobrarq.com.br\\\/blogs\\\/psicologia-das-cores-na-arquitetura\\\/#mainImage\",\"width\":1920,\"height\":1080},\"primaryImageOfPage\":{\"@id\":\"https:\\\/\\\/www.nobrarq.com.br\\\/blogs\\\/psicologia-das-cores-na-arquitetura\\\/#mainImage\"},\"datePublished\":\"2021-11-10T14:15:00-03:00\",\"dateModified\":\"2026-08-18T13:38:38-03:00\"},{\"@type\":\"WebSite\",\"@id\":\"https:\\\/\\\/www.nobrarq.com.br\\\/blogs\\\/#website\",\"url\":\"https:\\\/\\\/www.nobrarq.com.br\\\/blogs\\\/\",\"name\":\"Blogs - Nobrarq\",\"inLanguage\":\"en-US\",\"publisher\":{\"@id\":\"https:\\\/\\\/www.nobrarq.com.br\\\/blogs\\\/#organization\"}}]}\n\t\t<\/script>\n\t\t<!-- All in One SEO -->\n\n","aioseo_head_json":{"title":"Arquitetura e Cores: Como a Psicologia das Cores Transforma Espa\u00e7os - Blogs - Nobrarq","description":"Entenda como a escolha das cores em um projeto arquitet\u00f4nico pode influenciar emo\u00e7\u00f5es, produtividade e bem-estar nos ambientes residenciais e comerciais.","canonical_url":"https:\/\/www.nobrarq.com.br\/blogs\/psicologia-das-cores-na-arquitetura\/","robots":"max-image-preview:large","keywords":"","webmasterTools":{"miscellaneous":""},"schema":{"@context":"https:\/\/schema.org","@graph":[{"@type":"BlogPosting","@id":"https:\/\/www.nobrarq.com.br\/blogs\/psicologia-das-cores-na-arquitetura\/#blogposting","name":"Arquitetura e Cores: Como a Psicologia das Cores Transforma Espa\u00e7os - Blogs - Nobrarq","headline":"Arquitetura e Cores: Como a Psicologia das Cores Transforma Espa\u00e7os","author":{"@id":"https:\/\/www.nobrarq.com.br\/blogs\/author\/nobrarq\/#author"},"publisher":{"@id":"https:\/\/www.nobrarq.com.br\/blogs\/#organization"},"image":{"@type":"ImageObject","url":"https:\/\/www.nobrarq.com.br\/blogs\/wp-content\/uploads\/2024\/06\/cores-1.jpg","width":1920,"height":1080},"datePublished":"2021-11-10T14:15:00-03:00","dateModified":"2026-08-18T13:38:38-03:00","inLanguage":"en-US","mainEntityOfPage":{"@id":"https:\/\/www.nobrarq.com.br\/blogs\/psicologia-das-cores-na-arquitetura\/#webpage"},"isPartOf":{"@id":"https:\/\/www.nobrarq.com.br\/blogs\/psicologia-das-cores-na-arquitetura\/#webpage"},"articleSection":"psicologia-das-cores"},{"@type":"BreadcrumbList","@id":"https:\/\/www.nobrarq.com.br\/blogs\/psicologia-das-cores-na-arquitetura\/#breadcrumblist","itemListElement":[{"@type":"ListItem","@id":"https:\/\/www.nobrarq.com.br\/blogs#listItem","position":1,"name":"In\u00edcio","item":"https:\/\/www.nobrarq.com.br\/blogs","nextItem":{"@type":"ListItem","@id":"https:\/\/www.nobrarq.com.br\/blogs\/category\/psicologia-das-cores\/#listItem","name":"psicologia-das-cores"}},{"@type":"ListItem","@id":"https:\/\/www.nobrarq.com.br\/blogs\/category\/psicologia-das-cores\/#listItem","position":2,"name":"psicologia-das-cores","item":"https:\/\/www.nobrarq.com.br\/blogs\/category\/psicologia-das-cores\/","nextItem":{"@type":"ListItem","@id":"https:\/\/www.nobrarq.com.br\/blogs\/psicologia-das-cores-na-arquitetura\/#listItem","name":"Arquitetura e Cores: Como a Psicologia das Cores Transforma Espa\u00e7os"},"previousItem":{"@type":"ListItem","@id":"https:\/\/www.nobrarq.com.br\/blogs#listItem","name":"In\u00edcio"}},{"@type":"ListItem","@id":"https:\/\/www.nobrarq.com.br\/blogs\/psicologia-das-cores-na-arquitetura\/#listItem","position":3,"name":"Arquitetura e Cores: Como a Psicologia das Cores Transforma Espa\u00e7os","previousItem":{"@type":"ListItem","@id":"https:\/\/www.nobrarq.com.br\/blogs\/category\/psicologia-das-cores\/#listItem","name":"psicologia-das-cores"}}]},{"@type":"Organization","@id":"https:\/\/www.nobrarq.com.br\/blogs\/#organization","name":"Blogs - Nobrarq","url":"https:\/\/www.nobrarq.com.br\/blogs\/"},{"@type":"Person","@id":"https:\/\/www.nobrarq.com.br\/blogs\/author\/nobrarq\/#author","url":"https:\/\/www.nobrarq.com.br\/blogs\/author\/nobrarq\/","name":"Nobrarq","image":{"@type":"ImageObject","@id":"https:\/\/www.nobrarq.com.br\/blogs\/psicologia-das-cores-na-arquitetura\/#authorImage","url":"https:\/\/secure.gravatar.com\/avatar\/3de1c455738f97706969a1ad4ff0ba48b0483b5a48ef5a47ba98d49559798478?s=96&d=mm&r=g","width":96,"height":96,"caption":"Nobrarq"}},{"@type":"WebPage","@id":"https:\/\/www.nobrarq.com.br\/blogs\/psicologia-das-cores-na-arquitetura\/#webpage","url":"https:\/\/www.nobrarq.com.br\/blogs\/psicologia-das-cores-na-arquitetura\/","name":"Arquitetura e Cores: Como a Psicologia das Cores Transforma Espa\u00e7os - Blogs - Nobrarq","description":"Entenda como a escolha das cores em um projeto arquitet\u00f4nico pode influenciar emo\u00e7\u00f5es, produtividade e bem-estar nos ambientes residenciais e comerciais.","inLanguage":"en-US","isPartOf":{"@id":"https:\/\/www.nobrarq.com.br\/blogs\/#website"},"breadcrumb":{"@id":"https:\/\/www.nobrarq.com.br\/blogs\/psicologia-das-cores-na-arquitetura\/#breadcrumblist"},"author":{"@id":"https:\/\/www.nobrarq.com.br\/blogs\/author\/nobrarq\/#author"},"creator":{"@id":"https:\/\/www.nobrarq.com.br\/blogs\/author\/nobrarq\/#author"},"image":{"@type":"ImageObject","url":"https:\/\/www.nobrarq.com.br\/blogs\/wp-content\/uploads\/2024\/06\/cores-1.jpg","@id":"https:\/\/www.nobrarq.com.br\/blogs\/psicologia-das-cores-na-arquitetura\/#mainImage","width":1920,"height":1080},"primaryImageOfPage":{"@id":"https:\/\/www.nobrarq.com.br\/blogs\/psicologia-das-cores-na-arquitetura\/#mainImage"},"datePublished":"2021-11-10T14:15:00-03:00","dateModified":"2026-08-18T13:38:38-03:00"},{"@type":"WebSite","@id":"https:\/\/www.nobrarq.com.br\/blogs\/#website","url":"https:\/\/www.nobrarq.com.br\/blogs\/","name":"Blogs - Nobrarq","inLanguage":"en-US","publisher":{"@id":"https:\/\/www.nobrarq.com.br\/blogs\/#organization"}}]},"og:locale":"en_US","og:site_name":"Blogs - Nobrarq -","og:type":"article","og:title":"Arquitetura e Cores: Como a Psicologia das Cores Transforma Espa\u00e7os - Blogs - Nobrarq","og:description":"Entenda como a escolha das cores em um projeto arquitet\u00f4nico pode influenciar emo\u00e7\u00f5es, produtividade e bem-estar nos ambientes residenciais e comerciais.","og:url":"https:\/\/www.nobrarq.com.br\/blogs\/psicologia-das-cores-na-arquitetura\/","article:published_time":"2021-11-10T14:15:00+00:00","article:modified_time":"2026-08-18T16:38:38+00:00","twitter:card":"summary_large_image","twitter:title":"Arquitetura e Cores: Como a Psicologia das Cores Transforma Espa\u00e7os - Blogs - Nobrarq","twitter:description":"Entenda como a escolha das cores em um projeto arquitet\u00f4nico pode influenciar emo\u00e7\u00f5es, produtividade e bem-estar nos ambientes residenciais e comerciais."},"aioseo_meta_data":{"post_id":"122","title":null,"description":null,"keywords":null,"keyphrases":{"focus":[],"additional":[]},"primary_term":null,"canonical_url":null,"og_title":null,"og_description":null,"og_object_type":"default","og_image_type":"default","og_image_url":null,"og_image_width":null,"og_image_height":null,"og_image_custom_url":null,"og_image_custom_fields":null,"og_video":null,"og_custom_url":null,"og_article_section":null,"og_article_tags":null,"twitter_use_og":false,"twitter_card":"default","twitter_image_type":"default","twitter_image_url":null,"twitter_image_custom_url":null,"twitter_image_custom_fields":null,"twitter_title":null,"twitter_description":null,"schema":{"blockGraphs":[],"customGraphs":[],"default":{"data":{"Article":[],"Course":[],"Dataset":[],"FAQPage":[],"Movie":[],"Person":[],"Product":[],"ProductReview":[],"Car":[],"Recipe":[],"Service":[],"SoftwareApplication":[],"WebPage":[]},"graphName":"","isEnabled":true},"graphs":[]},"schema_type":"default","schema_type_options":null,"pillar_content":false,"robots_default":true,"robots_noindex":false,"robots_noarchive":false,"robots_nosnippet":false,"robots_nofollow":false,"robots_noimageindex":false,"robots_noodp":false,"robots_notranslate":false,"robots_max_snippet":null,"robots_max_videopreview":null,"robots_max_imagepreview":"large","priority":null,"frequency":null,"local_seo":null,"limit_modified_date":false,"created":"2026-08-18 16:37:19","updated":"2026-08-18 16:39:28","focus_keyword":null,"additional_keywords":null,"truseo_locale":null,"ai":null,"breadcrumb_settings":null,"seo_analyzer_scan_date":null},"aioseo_breadcrumb":"<div class=\"aioseo-breadcrumbs\"><span class=\"aioseo-breadcrumb\">\n\t\t\t<a href=\"https:\/\/www.nobrarq.com.br\/blogs\" title=\"In\u00edcio\">In\u00edcio<\/a>\n\t\t<\/span><span class=\"aioseo-breadcrumb-separator\">&raquo;<\/span><span class=\"aioseo-breadcrumb\">\n\t\t\t<a href=\"https:\/\/www.nobrarq.com.br\/blogs\/category\/psicologia-das-cores\/\" title=\"psicologia-das-cores\">psicologia-das-cores<\/a>\n\t\t<\/span><span class=\"aioseo-breadcrumb-separator\">&raquo;<\/span><span class=\"aioseo-breadcrumb\">\n\t\t\tArquitetura e Cores: Como a Psicologia das Cores Transforma Espa\u00e7os\n\t\t<\/span><\/div>","aioseo_breadcrumb_json":[{"label":"In\u00edcio","link":"https:\/\/www.nobrarq.com.br\/blogs"},{"label":"psicologia-das-cores","link":"https:\/\/www.nobrarq.com.br\/blogs\/category\/psicologia-das-cores\/"},{"label":"Arquitetura e Cores: Como a Psicologia das Cores Transforma Espa\u00e7os","link":"https:\/\/www.nobrarq.com.br\/blogs\/psicologia-das-cores-na-arquitetura\/"}],"_links":{"self":[{"href":"https:\/\/www.nobrarq.com.br\/blogs\/wp-json\/wp\/v2\/posts\/122","targetHints":{"allow":["GET"]}}],"collection":[{"href":"https:\/\/www.nobrarq.com.br\/blogs\/wp-json\/wp\/v2\/posts"}],"about":[{"href":"https:\/\/www.nobrarq.com.br\/blogs\/wp-json\/wp\/v2\/types\/post"}],"author":[{"embeddable":true,"href":"https:\/\/www.nobrarq.com.br\/blogs\/wp-json\/wp\/v2\/users\/2"}],"replies":[{"embeddable":true,"href":"https:\/\/www.nobrarq.com.br\/blogs\/wp-json\/wp\/v2\/comments?post=122"}],"version-history":[{"count":2,"href":"https:\/\/www.nobrarq.com.br\/blogs\/wp-json\/wp\/v2\/posts\/122\/revisions"}],"predecessor-version":[{"id":304,"href":"https:\/\/www.nobrarq.com.br\/blogs\/wp-json\/wp\/v2\/posts\/122\/revisions\/304"}],"wp:featuredmedia":[{"embeddable":true,"href":"https:\/\/www.nobrarq.com.br\/blogs\/wp-json\/wp\/v2\/media\/29"}],"wp:attachment":[{"href":"https:\/\/www.nobrarq.com.br\/blogs\/wp-json\/wp\/v2\/media?parent=122"}],"wp:term":[{"taxonomy":"category","embeddable":true,"href":"https:\/\/www.nobrarq.com.br\/blogs\/wp-json\/wp\/v2\/categories?post=122"},{"taxonomy":"post_tag","embeddable":true,"href":"https:\/\/www.nobrarq.com.br\/blogs\/wp-json\/wp\/v2\/tags?post=122"}],"curies":[{"name":"wp","href":"https:\/\/api.w.org\/{rel}","templated":true}]}}